{"id":2645,"date":"2025-03-10T11:48:00","date_gmt":"2025-03-10T10:48:00","guid":{"rendered":"https:\/\/orthosportclinic.pl\/?p=2645"},"modified":"2025-03-10T11:48:00","modified_gmt":"2025-03-10T10:48:00","slug":"wydluzenie-wiezadla-rzepki-przyczyny-leczenie-i-rehabilitacja","status":"publish","type":"post","link":"https:\/\/orthosportclinic.pl\/lodz\/blog\/bez-kategorii\/wydluzenie-wiezadla-rzepki-przyczyny-leczenie-i-rehabilitacja\/","title":{"rendered":"Wyd\u0142u\u017cenie wi\u0119zad\u0142a rzepki \u2013 przyczyny, leczenie i rehabilitacja"},"content":{"rendered":"\n<h2 class=\"wp-block-heading\"><strong>Wi\u0119zad\u0142o rzepki \u2013 rola i znaczenie<\/strong><\/h2>\n\n\n\n<p>Wi\u0119zad\u0142o rzepki (ligamentum patellae) pe\u0142ni kluczow\u0105 rol\u0119 w obr\u0119bie stawu kolanowego. Stanowi przed\u0142u\u017cenie \u015bci\u0119gna mi\u0119\u015bnia czworog\u0142owego uda i \u0142\u0105czy rzepk\u0119 z guzowato\u015bci\u0105 piszczeli. Pe\u0142ni istotn\u0105 funkcj\u0119 w mechanizmie wyprostu kolana, odpowiadaj\u0105c za przenoszenie si\u0142y z mi\u0119\u015bnia na ko\u015b\u0107 piszczelow\u0105, co umo\u017cliwia m.in. chodzenie, bieganie, kucanie czy wchodzenie po schodach.<\/p>\n\n\n\n<p>Nieprawid\u0142owa d\u0142ugo\u015b\u0107 wi\u0119zad\u0142a rzepki \u2013 zar\u00f3wno jego skr\u00f3cenie, jak i nadmierne wyd\u0142u\u017cenie \u2013 mo\u017ce prowadzi\u0107 do istotnych zaburze\u0144 biomechaniki ko\u0144czyny dolnej. W przypadku skr\u00f3cenia wi\u0119zad\u0142a dochodzi do ograniczenia ruchomo\u015bci stawu, a w skrajnych przypadkach do ca\u0142kowitej utraty mo\u017cliwo\u015bci pe\u0142nego zgi\u0119cia kolana.<\/p>\n\n\n\n<h2 class=\"wp-block-heading\"><strong>Skr\u00f3cenie wi\u0119zad\u0142a rzepki \u2013 przyczyny i objawy<\/strong><\/h2>\n\n\n\n<p>Skr\u00f3cenie wi\u0119zad\u0142a rzepki to stosunkowo rzadkie, ale powa\u017cne schorzenie ortopedyczne, kt\u00f3re mo\u017ce by\u0107 efektem r\u00f3\u017cnych czynnik\u00f3w, w tym m.in.:<\/p>\n\n\n\n<ul class=\"wp-block-list\">\n<li><strong>po przebytych operacji ortopedycznych<\/strong> \u2013 szczeg\u00f3lnie w obr\u0119bie rzepki, \u015bci\u0119gna mi\u0119\u015bnia czworog\u0142owego lub samego wi\u0119zad\u0142a rzepki,<\/li>\n\n\n\n<li><strong>przewlek\u0142ych stan\u00f3w zapalnych<\/strong> \u2013 powoduj\u0105cych w\u0142\u00f3knienie i skr\u00f3cenie tkanek,<\/li>\n\n\n\n<li><strong>uraz\u00f3w kolana<\/strong> \u2013 np. powtarzaj\u0105cych si\u0119 przeci\u0105\u017ce\u0144, uszkodze\u0144 wi\u0119zad\u0142owych lub pourazowych zwapnie\u0144,<\/li>\n\n\n\n<li><strong>wad wrodzonych<\/strong> \u2013 niekt\u00f3re osoby mog\u0105 mie\u0107 predyspozycje anatomiczne do nieprawid\u0142owej d\u0142ugo\u015bci wi\u0119zad\u0142a rzepki.<\/li>\n<\/ul>\n\n\n\n<p>Objawy skr\u00f3cenia wi\u0119zad\u0142a rzepki obejmuj\u0105:<\/p>\n\n\n\n<ul class=\"wp-block-list\">\n<li>ograniczony zakres ruchu w kolanie,<\/li>\n\n\n\n<li>trudno\u015bci z pe\u0142nym zgi\u0119ciem stawu,<\/li>\n\n\n\n<li>b\u00f3l i uczucie sztywno\u015bci, szczeg\u00f3lnie po d\u0142u\u017cszym unieruchomieniu,<\/li>\n\n\n\n<li>kompensacyjne zmiany w chodu \u2013 pacjenci cz\u0119sto unikaj\u0105 pe\u0142nego obci\u0105\u017cania ko\u0144czyny, co mo\u017ce prowadzi\u0107 do asymetrii,<\/li>\n\n\n\n<li>problemy z wykonywaniem podstawowych czynno\u015bci, takich jak wchodzenie po schodach czy kucanie.<strong>Wyd\u0142u\u017cenie wi\u0119zad\u0142a rzepki \u2013 kiedy jest konieczne?<\/strong><\/li>\n<\/ul>\n\n\n\n<p>W przypadkach, gdy skr\u00f3cenie wi\u0119zad\u0142a rzepki znacz\u0105co ogranicza ruchomo\u015b\u0107 i prowadzi do przewlek\u0142ego b\u00f3lu, lekarz mo\u017ce zaleci\u0107 jego wyd\u0142u\u017cenie. Jest to stosunkowo rzadko wykonywana procedura ortopedyczna, wymagaj\u0105ca precyzyjnej interwencji chirurgicznej.<\/p>\n\n\n\n<h2 class=\"wp-block-heading\"><strong>Historia pacjentki \u2013 20 lat walki z b\u00f3lem<\/strong><\/h2>\n\n\n\n<p>Przyk\u0142adem skuteczno\u015bci tej metody jest przypadek pacjentki, kt\u00f3ra przez <strong>20 lat zmaga\u0142a si\u0119 z b\u00f3lem i ograniczon\u0105 ruchomo\u015bci\u0105 kolana<\/strong>. Pomimo licznych operacji oraz konsultacji u wielu specjalist\u00f3w, problem nie zosta\u0142 rozwi\u0105zany. Kolano nie zgina\u0142o si\u0119 w pe\u0142nym zakresie, co uniemo\u017cliwia\u0142o jej normalne funkcjonowanie.<\/p>\n\n\n\n<p>Dopiero zabieg przeprowadzony przez <strong>dr. Mateusza J\u00f3\u017awika-specjalist\u0119 ortopedii i traumatologii narz\u0105du ruchu z Ortho Sport Clinic w \u0141odzi<\/strong> przyni\u00f3s\u0142 prze\u0142omow\u0105 popraw\u0119. Ju\u017c <strong>dwa tygodnie po operacji zakres zgi\u0119cia kolana zwi\u0119kszy\u0142 si\u0119 do 110 stopni<\/strong>, co stanowi\u0142o ogromny post\u0119p i znacz\u0105co wp\u0142yn\u0119\u0142o na jako\u015b\u0107 \u017cycia pacjentki.<\/p>\n\n\n\n<p>Dr Mateusz J\u00f3\u017awik opowiedzia\u0142 o tym przypadku w materiale wideo, kt\u00f3ry mo\u017cna obejrze\u0107 poni\u017cej.&nbsp;&nbsp;&nbsp;<\/p>\n\n\n\n<h3 class=\"wp-block-heading\"><strong>Na czym polega zabieg wyd\u0142u\u017cenia wi\u0119zad\u0142a rzepki?<\/strong><\/h3>\n\n\n\n<p>Zabieg wyd\u0142u\u017cenia wi\u0119zad\u0142a rzepki ma na celu przywr\u00f3cenie jego prawid\u0142owej d\u0142ugo\u015bci, co pozwala na odtworzenie fizjologicznej biomechaniki stawu kolanowego. Procedura polega m.in. na:<\/p>\n\n\n\n<ol class=\"wp-block-list\">\n<li><strong>Precyzyjnym naci\u0119ciu wi\u0119zad\u0142a rzepki<\/strong> \u2013 pozwalaj\u0105cym na jego wyd\u0142u\u017cenie,<\/li>\n\n\n\n<li><strong>U\u017cyciu specjalnych technik chirurgicznych<\/strong>, takich jak plastyka wi\u0119zad\u0142a lub przeszczepy tkanek w celu wzmocnienia struktury,<\/li>\n\n\n\n<li><strong>Stabilizacji wi\u0119zad\u0142a<\/strong> \u2013 cz\u0119sto z u\u017cyciem implant\u00f3w lub innych metod wzmacniaj\u0105cych,<\/li>\n\n\n\n<li><strong>Kontrolowaniu napi\u0119cia wi\u0119zad\u0142a<\/strong> \u2013 tak, aby nie dosz\u0142o do jego nadmiernego wyd\u0142u\u017cenia, co mog\u0142oby prowadzi\u0107 do niestabilno\u015bci rzepki.<\/li>\n<\/ol>\n\n\n\n<p>Zabieg wymaga du\u017cej precyzji i do\u015bwiadczenia ze strony chirurga ortopedy, a tak\u017ce \u015bcis\u0142ej wsp\u00f3\u0142pracy z rehabilitantem w okresie rekonwalescencji.<\/p>\n\n\n\n<h2 class=\"wp-block-heading\"><strong>Przebieg leczenia i rehabilitacja<\/strong><\/h2>\n\n\n\n<p>Po operacji kluczow\u0105 rol\u0119 odgrywa rehabilitacja, kt\u00f3ra ma na celu stopniowe odzyskanie pe\u0142nej sprawno\u015bci. Program terapeutyczny obejmuje m.in.:<\/p>\n\n\n\n<ul class=\"wp-block-list\">\n<li><strong>\u0107wiczenia zwi\u0119kszaj\u0105ce zakres ruchu<\/strong> \u2013 w pocz\u0105tkowym etapie pasywne mobilizacje, a nast\u0119pnie aktywne ruchy kolana,<\/li>\n\n\n\n<li><strong>terapia manualna<\/strong> \u2013 wspomagaj\u0105ca elastyczno\u015b\u0107 tkanek i zapobiegaj\u0105ca powstawaniu blizn ograniczaj\u0105cych ruch,<\/li>\n\n\n\n<li><strong>stopniowe obci\u0105\u017canie operowanej ko\u0144czyny<\/strong> \u2013 zgodnie z zaleceniami lekarza, cz\u0119sto pocz\u0105tkowo z pomoc\u0105 kul ortopedycznych,<\/li>\n\n\n\n<li><strong>wzmacnianie mi\u0119\u015bnia czworog\u0142owego uda<\/strong> \u2013 aby poprawi\u0107 stabilizacj\u0119 rzepki i funkcj\u0119 ko\u0144czyny,<\/li>\n\n\n\n<li><strong>monitorowanie post\u0119p\u00f3w przez specjalist\u00f3w<\/strong> \u2013 regularne kontrole lekarskie i dostosowywanie programu rehabilitacyjnego.<\/li>\n<\/ul>\n\n\n\n<p>Czas powrotu do pe\u0142nej sprawno\u015bci jest indywidualny i zale\u017cy od zakresu interwencji chirurgicznej oraz stopnia wcze\u015bniejszego ograniczenia ruchu. W wielu przypadkach pierwsze efekty s\u0105 widoczne ju\u017c po kilku tygodniach, jednak pe\u0142na rekonwalescencja mo\u017ce trwa\u0107 nawet kilka miesi\u0119cy.<\/p>\n\n\n\n<h2 class=\"wp-block-heading\"><strong>Podsumowanie<\/strong><\/h2>\n\n\n\n<p>Skr\u00f3cenie wi\u0119zad\u0142a rzepki to schorzenie, kt\u00f3re mo\u017ce znacz\u0105co utrudnia\u0107 codzienne funkcjonowanie i prowadzi\u0107 do powa\u017cnych zmian w uk\u0142adzie ruchu. Wyd\u0142u\u017cenie wi\u0119zad\u0142a jest skuteczn\u0105 metod\u0105 leczenia, pozwalaj\u0105c\u0105 na popraw\u0119 biomechaniki kolana, redukcj\u0119 b\u00f3lu i odzyskanie sprawno\u015bci ruchowej.<\/p>\n\n\n\n<p>Przypadek pacjentki operowanej przez dr. Mateusza J\u00f3\u017awika pokazuje, jak precyzyjna interwencja chirurgiczna mo\u017ce przynie\u015b\u0107 znacz\u0105c\u0105 popraw\u0119 nawet po wielu latach trudno\u015bci. Kluczowe znaczenie ma jednak odpowiednio dobrana rehabilitacja, kt\u00f3ra umo\u017cliwia pacjentowi powr\u00f3t do pe\u0142nej sprawno\u015bci i aktywno\u015bci \u017cyciowej.<\/p>\n\n\n\n<div style=\"height:30px\" aria-hidden=\"true\" class=\"wp-block-spacer\"><\/div>\n\n\n\n<blockquote class=\"instagram-media\" data-instgrm-permalink=\"https:\/\/www.instagram.com\/reel\/DHLIx82q8qi\/?utm_source=ig_embed&amp;utm_campaign=loading\" data-instgrm-version=\"14\" style=\"background:#FFF;border:0;border-radius:3px;margin: 1px;max-width:540px;min-width:326px;padding:0;width:99.375%;width:-webkit-calc(100% - 2px);width:calc(100% - 2px)\"><div style=\"padding:16px\"> <a href=\"https:\/\/www.instagram.com\/reel\/DHLIx82q8qi\/?utm_source=ig_embed&amp;utm_campaign=loading\" style=\"background:#FFFFFF;line-height:0;padding:0 0;text-align:center;text-decoration:none;width:100%\" target=\"_blank\" rel=\"noopener\"> <div style=\"display: flex;flex-direction: row;align-items: center\"> <div style=\"background-color: #F4F4F4;border-radius: 50%;flex-grow: 0;height: 40px;margin-right: 14px;width: 40px\"><\/div> <div style=\"display: flex;flex-direction: column;flex-grow: 1;justify-content: center\"> <div style=\"background-color: #F4F4F4;border-radius: 4px;flex-grow: 0;height: 14px;margin-bottom: 6px;width: 100px\"><\/div> <div style=\"background-color: #F4F4F4;border-radius: 4px;flex-grow: 0;height: 14px;width: 60px\"><\/div><\/div><\/div><div style=\"padding: 19% 0\"><\/div> <div style=\"display:block;height:50px;margin:0 auto 12px;width:50px\"><\/div><div style=\"padding-top: 8px\"> <div style=\"color:#3897f0;font-family:Arial,sans-serif;font-size:14px;font-style:normal;font-weight:550;line-height:18px\">View this post on Instagram<\/div><\/div><div style=\"padding: 12.5% 0\"><\/div> <div style=\"display: flex;flex-direction: row;margin-bottom: 14px;align-items: center\"><div> <div style=\"background-color: #F4F4F4;border-radius: 50%;height: 12.5px;width: 12.5px\"><\/div> <div style=\"background-color: #F4F4F4;height: 12.5px;width: 12.5px;flex-grow: 0;margin-right: 14px;margin-left: 2px\"><\/div> <div style=\"background-color: #F4F4F4;border-radius: 50%;height: 12.5px;width: 12.5px\"><\/div><\/div><div style=\"margin-left: 8px\"> <div style=\"background-color: #F4F4F4;border-radius: 50%;flex-grow: 0;height: 20px;width: 20px\"><\/div> <div style=\"width: 0;height: 0;border-top: 2px solid transparent;border-left: 6px solid #f4f4f4;border-bottom: 2px solid transparent\"><\/div><\/div><div style=\"margin-left: auto\"> <div style=\"width: 0px;border-top: 8px solid #F4F4F4;border-right: 8px solid transparent\"><\/div> <div style=\"background-color: #F4F4F4;flex-grow: 0;height: 12px;width: 16px\"><\/div> <div style=\"width: 0;height: 0;border-top: 8px solid #F4F4F4;border-left: 8px solid transparent\"><\/div><\/div><\/div> <div style=\"display: flex;flex-direction: column;flex-grow: 1;justify-content: center;margin-bottom: 24px\"> <div style=\"background-color: #F4F4F4;border-radius: 4px;flex-grow: 0;height: 14px;margin-bottom: 6px;width: 224px\"><\/div> <div style=\"background-color: #F4F4F4;border-radius: 4px;flex-grow: 0;height: 14px;width: 144px\"><\/div><\/div><\/a><p style=\"color:#c9c8cd;font-family:Arial,sans-serif;font-size:14px;line-height:17px;margin-bottom:0;margin-top:8px;overflow:hidden;padding:8px 0 7px;text-align:center\"><a href=\"https:\/\/www.instagram.com\/reel\/DHLIx82q8qi\/?utm_source=ig_embed&amp;utm_campaign=loading\" style=\"color:#c9c8cd;font-family:Arial,sans-serif;font-size:14px;font-style:normal;font-weight:normal;line-height:17px;text-decoration:none\" target=\"_blank\" rel=\"noopener\">A post shared by Ortho Sport Clinic (@orthosportclinic)<\/a><\/p><\/div><\/blockquote>\n\n","protected":false},"excerpt":{"rendered":"<p>Wi\u0119zad\u0142o rzepki \u2013 rola i znaczenie Wi\u0119zad\u0142o rzepki (ligamentum patellae) pe\u0142ni kluczow\u0105 rol\u0119 w obr\u0119bie stawu kolanowego. Stanowi przed\u0142u\u017cenie \u015bci\u0119gna mi\u0119\u015bnia czworog\u0142owego uda i \u0142\u0105czy rzepk\u0119 z guzowato\u015bci\u0105 piszczeli. Pe\u0142ni istotn\u0105 funkcj\u0119 w mechanizmie wyprostu kolana, odpowiadaj\u0105c za przenoszenie si\u0142y z mi\u0119\u015bnia na ko\u015b\u0107 piszczelow\u0105, co umo\u017cliwia m.in. chodzenie, bieganie, kucanie czy wchodzenie po schodach. [&hellip;]<\/p>\n","protected":false},"author":5,"featured_media":2646,"comment_status":"open","ping_status":"open","sticky":false,"template":"","format":"standard","meta":{"_acf_changed":false,"footnotes":""},"categories":[1],"tags":[],"class_list":["post-2645","post","type-post","status-publish","format-standard","has-post-thumbnail","hentry","category-bez-kategorii"],"acf":[],"_links":{"self":[{"href":"https:\/\/orthosportclinic.pl\/lodz\/wp-json\/wp\/v2\/posts\/2645","targetHints":{"allow":["GET"]}}],"collection":[{"href":"https:\/\/orthosportclinic.pl\/lodz\/wp-json\/wp\/v2\/posts"}],"about":[{"href":"https:\/\/orthosportclinic.pl\/lodz\/wp-json\/wp\/v2\/types\/post"}],"author":[{"embeddable":true,"href":"https:\/\/orthosportclinic.pl\/lodz\/wp-json\/wp\/v2\/users\/5"}],"replies":[{"embeddable":true,"href":"https:\/\/orthosportclinic.pl\/lodz\/wp-json\/wp\/v2\/comments?post=2645"}],"version-history":[{"count":1,"href":"https:\/\/orthosportclinic.pl\/lodz\/wp-json\/wp\/v2\/posts\/2645\/revisions"}],"predecessor-version":[{"id":3831,"href":"https:\/\/orthosportclinic.pl\/lodz\/wp-json\/wp\/v2\/posts\/2645\/revisions\/3831"}],"wp:featuredmedia":[{"embeddable":true,"href":"https:\/\/orthosportclinic.pl\/lodz\/wp-json\/wp\/v2\/media\/2646"}],"wp:attachment":[{"href":"https:\/\/orthosportclinic.pl\/lodz\/wp-json\/wp\/v2\/media?parent=2645"}],"wp:term":[{"taxonomy":"category","embeddable":true,"href":"https:\/\/orthosportclinic.pl\/lodz\/wp-json\/wp\/v2\/categories?post=2645"},{"taxonomy":"post_tag","embeddable":true,"href":"https:\/\/orthosportclinic.pl\/lodz\/wp-json\/wp\/v2\/tags?post=2645"}],"curies":[{"name":"wp","href":"https:\/\/api.w.org\/{rel}","templated":true}]}}