{"id":2649,"date":"2025-03-17T11:52:00","date_gmt":"2025-03-17T10:52:00","guid":{"rendered":"https:\/\/orthosportclinic.pl\/?p=2649"},"modified":"2026-03-10T19:18:42","modified_gmt":"2026-03-10T18:18:42","slug":"jak-rozluznic-miesnie-karku-i-szyi-skuteczne-cwiczenia-i-terapie","status":"publish","type":"post","link":"https:\/\/orthosportclinic.pl\/warszawa\/blog\/bez-kategorii\/jak-rozluznic-miesnie-karku-i-szyi-skuteczne-cwiczenia-i-terapie\/","title":{"rendered":"Jak rozlu\u017ani\u0107 mi\u0119\u015bnie karku i szyi - skuteczne \u0107wiczenia i terapie"},"content":{"rendered":"\n<p><strong>Zobacz kilka prostych \u0107wicze\u0144, kt\u00f3rymi mo\u017cesz sobie pom\u00f3c. Opowiada mgr Micha\u0142 K\u0142osi\u0144ski z Ortho Sport Clinic w Warszawie. D\u0142ugotrwa\u0142a pozycja statyczna, ogrom stresu i napi\u0119\u0107 emocjonalnych sprawiaj\u0105, \u017ce b\u00f3l mi\u0119\u015bni karku i szyi&nbsp;staje si\u0119 powszechnym zjawiskiem zar\u00f3wno w\u015br\u00f3d os\u00f3b w wieku nastoletnim, jak i pracuj\u0105cych doros\u0142ych.&nbsp; Napi\u0119te mi\u0119\u015bnie szyi wymagaj\u0105 rozlu\u017anienia, \u0107wicze\u0144 oraz innych dzia\u0142a\u0144, kt\u00f3re pomog\u0105 z\u0142agodzi\u0107 objawy zwi\u0105zane z przeci\u0105\u017ceniem. Istnieje wiele domowych sposob\u00f3w, kt\u00f3re z dobrym rezultatem s\u0105 w stanie przynie\u015b\u0107 ulg\u0119 w dolegliwo\u015bciach.<\/strong><\/p>\n\n\n\n<p>Dolegliwo\u015bci b\u00f3lowe szyi, karku oraz pozosta\u0142ych mi\u0119\u015bni kr\u0119gos\u0142upa w tej okolicy s\u0105 rezultatem r\u00f3\u017cnego rodzaju czynnik\u00f3w.&nbsp;<strong>Sp\u0119dzanie czasu przed komputerem<\/strong>&nbsp;to nie tylko sta\u0142e napi\u0119cie odcinka szyjnego wynikaj\u0105ce z&nbsp;przebywania&nbsp;w pozycji wymuszonej. M\u0119czliwo\u015b\u0107 mi\u0119\u015bni odpowiadaj\u0105cych za akomodacj\u0119 oka, czyli dostrajanie ostro\u015bci obrazu, powoduje, \u017ce&nbsp;<strong>zaczynamy coraz bardziej wysuwa\u0107 g\u0142ow\u0119 do przodu, wzmagaj\u0105c jeszcze bardziej napi\u0119cie mi\u0119\u015bni podpotylicznych oraz tych&nbsp;zlokalizowanych w pobli\u017cu odcinka szyjnego.<\/strong><\/p>\n\n\n\n<p>Dodatkowym czynnikiem pot\u0119guj\u0105cym opisywane zjawisko jest&nbsp;<strong>stres&nbsp;i niepok\u00f3j emocjonalny.<\/strong> Udowodniono, \u017ce osoby przewlekle poddawane dzia\u0142aniom negatywnych emocji wykazuj\u0105 wzmo\u017cone napi\u0119cie szczeg\u00f3lnie w okolicy mi\u0119\u015bni czworobocznych zlokalizowanych po bokach szyi. Przy utrzymuj\u0105cym si\u0119 d\u0142ugotrwale napi\u0119ciu&nbsp;stopniowo zaczyna pojawia\u0107 si\u0119 b\u00f3l, kt\u00f3ry znacz\u0105co obni\u017ca jako\u015b\u0107 \u017cycia i&nbsp;utrudnia&nbsp;wykonywanie dotychczasowych obowi\u0105zk\u00f3w.&nbsp;<\/p>\n\n\n\n<h2 class=\"wp-block-heading\">Skutki b\u00f3lu mi\u0119\u015bni szyi<\/h2>\n\n\n\n<p>Pocz\u0105tkowo napi\u0119cie i b\u00f3l karku s\u0105 objawami \u0142atwymi do zniesienia i zazwyczaj mijaj\u0105 z chwil\u0105 ustania obci\u0105\u017cenia, kt\u00f3re je wywo\u0142uje. Jednak z&nbsp;biegiem czasu&nbsp;sytuacja zaczyna si\u0119 robi\u0107 coraz bardziej powa\u017cna. Po pierwsze obserwuje si\u0119, \u017ce nawet zminimalizowanie czynnika generuj\u0105cego dolegliwo\u015bci nie wystarcza. Dzieje si\u0119 tak&nbsp;w momencie, kiedy obci\u0105\u017cenie trwa ju\u017c d\u0142ugo, a struktury s\u0105 na tyle mocno przeci\u0105\u017cone, \u017ce wymagana jest terapia. Taki stan mo\u017ce zaniepokoi\u0107, dlatego tak&nbsp;<strong>wa\u017cna jest profilaktyka i przestrzeganie zasad ergonomii pracy<\/strong>.<\/p>\n\n\n\n<p>D\u0142ugofalowe, nieustaj\u0105ce obci\u0105\u017cenia zaczynaj\u0105 zmienia\u0107 w\u0142a\u015bciwo\u015bci danej tkanki, adaptuj\u0105c j\u0105 do nowych, niekorzystnych warunk\u00f3w. W pewnym momencie zostaje przekroczona granica wytrzyma\u0142o\u015bci i zar\u00f3wno struktury mi\u0119\u015bniowe, jak i kostne mog\u0105 ulega\u0107 ci\u0119\u017cko odwracalnym lub nieodwracalnym zmianom. Wi\u0105\u017ce si\u0119 to najcz\u0119\u015bciej z konieczno\u015bci\u0105 przewlek\u0142ego leczenia w formie zachowawczej, a w niekt\u00f3rych przypadkach dochodzi nawet do konieczno\u015bci zastosowania bardziej inwazyjnych sposob\u00f3w post\u0119powania.<\/p>\n\n\n\n<h2 class=\"wp-block-heading\">Ergonomia pracy - klucz do profilaktyki b\u00f3lu szyi i karku<\/h2>\n\n\n\n<p>Odpowiednia organizacja stanowiska pracy to podstawa w zapobieganiu przeci\u0105\u017ceniom mi\u0119\u015bni szyi i karku:<\/p>\n\n\n\n<ul class=\"wp-block-list\">\n<li><strong>Odpowiednie o\u015bwietlenie<\/strong> - zapobiegaj\u0105ce nadmiernemu napi\u0119ciu mi\u0119\u015bni oczu i szyi<\/li>\n\n\n\n<li><strong>Prawid\u0142owa wysoko\u015b\u0107 monitora<\/strong> - g\u00f3rna kraw\u0119d\u017a ekranu powinna znajdowa\u0107 si\u0119 na wysoko\u015bci oczu lub nieco poni\u017cej<\/li>\n\n\n\n<li><strong>Ergonomiczne krzes\u0142o<\/strong> - z regulowan\u0105 wysoko\u015bci\u0105, pod\u0142okietnikami i podpor\u0105 l\u0119d\u017awiow\u0105<\/li>\n\n\n\n<li><strong>Przerwy w pracy<\/strong> - stosuj zasad\u0119 20-20-20: co 20 minut sp\u00f3jrz na obiekt oddalony o 20 st\u00f3p (oko\u0142o 6 metr\u00f3w) przez 20 sekund<\/li>\n\n\n\n<li><strong>Regularna zmiana pozycji<\/strong> - nawet najlepsza pozycja, utrzymywana zbyt d\u0142ugo, prowadzi do przeci\u0105\u017ce\u0144<\/li>\n\n\n\n<li><strong>Prawid\u0142owa postawa podczas korzystania ze smartfona<\/strong> - podnie\u015b telefon na wysoko\u015b\u0107 oczu zamiast pochyla\u0107 g\u0142ow\u0119<\/li>\n<\/ul>\n\n\n\n<h2 class=\"wp-block-heading\">Domowe sposoby na b\u00f3l karku<\/h2>\n\n\n\n<p>Napi\u0119te mi\u0119\u015bnie szyi wymagaj\u0105 rozlu\u017anienia, \u0107wicze\u0144, masa\u017cu oraz innych dzia\u0142a\u0144, kt\u00f3re pomog\u0105 z\u0142agodzi\u0107 objawy zwi\u0105zane z przeci\u0105\u017ceniem. Istnieje wiele domowych sposob\u00f3w, kt\u00f3re z dobrym rezultatem s\u0105 w stanie przynie\u015b\u0107 ulg\u0119 w dolegliwo\u015bciach.&nbsp;<\/p>\n\n\n\n<p><strong>Zobacz poni\u017cej przyk\u0142adowe \u0107wiczenia jakie mo\u017cesz samodzielnie wykonywa\u0107.<\/strong><\/p>\n\n\n\n<h2 class=\"wp-block-heading\">Fizjoterapia na spi\u0119te mi\u0119\u015bnie karku I szyi<\/h2>\n\n\n\n<p>W przypadku nieskuteczno\u015bci lub s\u0142abych rezultat\u00f3w domowych sposob\u00f3w nale\u017cy uda\u0107 si\u0119 do fizjoterapeuty. Rozlu\u017anienie mi\u0119\u015bni karku i odcinka szyjnego mo\u017ce odbywa\u0107 si\u0119 w gabinecie na wiele sposob\u00f3w. Do tych, kt\u00f3re cechuje najlepszy rezultat, zalicza si\u0119 przede wszystkim:&nbsp;<strong>suche ig\u0142owanie mi\u0119\u015bni, oddzia\u0142ywanie za pomoc\u0105 manipulacji i technik osteopatycznych, g\u0142\u0119boki masa\u017c tkankowy, stosowanie aplikacji z wykorzystaniem ta\u015bm Kinesiology Taping, ekspozycja&nbsp;na zmienne pole magnetyczne niskiej cz\u0119stotliwo\u015bci, masa\u017c ba\u0144k\u0105 chi\u0144sk\u0105, terapia&nbsp;czaszkowo-krzy\u017cowa<\/strong>&nbsp;oraz szereg innych technik manualnych i technik wykorzystuj\u0105cych oddzia\u0142ywanie \u015bwiat\u0142a podczerwonego czy&nbsp;ciep\u0142a.<\/p>\n\n\n\n<figure class=\"wp-block-embed is-type-rich is-provider-obs-uga-osadzania wp-block-embed-obs-uga-osadzania wp-embed-aspect-16-9 wp-has-aspect-ratio\"><div class=\"wp-block-embed__wrapper\">\n<iframe loading=\"lazy\" title=\"Jak rozlu\u017ani\u0107 mi\u0119\u015bnie karku i szyi? Zobacz kilka prostych \u0107wicze\u0144 | mgr Micha\u0142 K\u0142osi\u0144ski\" width=\"500\" height=\"281\" src=\"https:\/\/www.youtube.com\/embed\/tTB_R0S4N4s?feature=oembed\" frameborder=\"0\" allow=\"accelerometer; autoplay; clipboard-write; encrypted-media; gyroscope; picture-in-picture; web-share\" referrerpolicy=\"strict-origin-when-cross-origin\" allowfullscreen><\/iframe>\n<\/div><\/figure>\n","protected":false},"excerpt":{"rendered":"<p>Zobacz kilka prostych \u0107wicze\u0144, kt\u00f3rymi mo\u017cesz sobie pom\u00f3c. Opowiada mgr Micha\u0142 K\u0142osi\u0144ski z Ortho Sport Clinic w Warszawie. D\u0142ugotrwa\u0142a pozycja statyczna, ogrom stresu i napi\u0119\u0107 emocjonalnych sprawiaj\u0105, \u017ce b\u00f3l mi\u0119\u015bni karku i szyi&nbsp;staje si\u0119 powszechnym zjawiskiem zar\u00f3wno w\u015br\u00f3d os\u00f3b w wieku nastoletnim, jak i pracuj\u0105cych doros\u0142ych.&nbsp; Napi\u0119te mi\u0119\u015bnie szyi wymagaj\u0105 rozlu\u017anienia, \u0107wicze\u0144 oraz innych dzia\u0142a\u0144, [&hellip;]<\/p>\n","protected":false},"author":4,"featured_media":2650,"comment_status":"open","ping_status":"open","sticky":false,"template":"","format":"standard","meta":{"_acf_changed":false,"footnotes":""},"categories":[1],"tags":[],"class_list":["post-2649","post","type-post","status-publish","format-standard","has-post-thumbnail","hentry","category-bez-kategorii"],"acf":[],"_links":{"self":[{"href":"https:\/\/orthosportclinic.pl\/warszawa\/wp-json\/wp\/v2\/posts\/2649","targetHints":{"allow":["GET"]}}],"collection":[{"href":"https:\/\/orthosportclinic.pl\/warszawa\/wp-json\/wp\/v2\/posts"}],"about":[{"href":"https:\/\/orthosportclinic.pl\/warszawa\/wp-json\/wp\/v2\/types\/post"}],"author":[{"embeddable":true,"href":"https:\/\/orthosportclinic.pl\/warszawa\/wp-json\/wp\/v2\/users\/4"}],"replies":[{"embeddable":true,"href":"https:\/\/orthosportclinic.pl\/warszawa\/wp-json\/wp\/v2\/comments?post=2649"}],"version-history":[{"count":1,"href":"https:\/\/orthosportclinic.pl\/warszawa\/wp-json\/wp\/v2\/posts\/2649\/revisions"}],"predecessor-version":[{"id":3903,"href":"https:\/\/orthosportclinic.pl\/warszawa\/wp-json\/wp\/v2\/posts\/2649\/revisions\/3903"}],"wp:featuredmedia":[{"embeddable":true,"href":"https:\/\/orthosportclinic.pl\/warszawa\/wp-json\/wp\/v2\/media\/2650"}],"wp:attachment":[{"href":"https:\/\/orthosportclinic.pl\/warszawa\/wp-json\/wp\/v2\/media?parent=2649"}],"wp:term":[{"taxonomy":"category","embeddable":true,"href":"https:\/\/orthosportclinic.pl\/warszawa\/wp-json\/wp\/v2\/categories?post=2649"},{"taxonomy":"post_tag","embeddable":true,"href":"https:\/\/orthosportclinic.pl\/warszawa\/wp-json\/wp\/v2\/tags?post=2649"}],"curies":[{"name":"wp","href":"https:\/\/api.w.org\/{rel}","templated":true}]}}